{"id":437255,"date":"2026-09-05T17:14:22","date_gmt":"2026-09-05T15:14:22","guid":{"rendered":"https:\/\/www.radioluna.it\/news\/?p=437255"},"modified":"2026-09-05T17:14:22","modified_gmt":"2026-09-05T15:14:22","slug":"extrainvictus-2026-calcio-e-resilienza-in-chi-vive-damore-di-massimo-proietto-e-antonio-barracato","status":"publish","type":"post","link":"https:\/\/www.radioluna.it\/news\/2026\/09\/extrainvictus-2026-calcio-e-resilienza-in-chi-vive-damore-di-massimo-proietto-e-antonio-barracato\/","title":{"rendered":"ExtraInvictus 2026: calcio e resilienza in &#8220;Chi vive d&#8217;amore&#8221; di Massimo Proietto e Antonio Barracato"},"content":{"rendered":"<div id=\"fb-root\"><\/div>\n<p class=\"isSelectedEnd\" style=\"text-align: justify;\">\u201cChi vive d\u2019amore\u201d di Massimo Proietto e Antonio Barracato \u00e8 un romanzo di formazione che mette al centro il percorso di un ragazzo e il difficile passaggio dall\u2019infanzia all\u2019et\u00e0 adulta. Il libro ricever\u00e0 una delle otto menzioni ExtraInvictus della settima edizione del Premio Letterario Sportivo Invictus, riconoscimento dedicato alle opere capaci di raccontare lo sport attraverso storie che ne valorizzano anche la dimensione umana e sociale. La menzione sar\u00e0 consegnata l\u20198 settembre alle 18.30, al Castello Caetani di Sermoneta, durante la serata ExtraInvictus.<\/p>\n<p class=\"isSelectedEnd\" style=\"text-align: justify;\">Al centro della storia c\u2019\u00e8 Paolino, un giovane talento del calcio che sogna di trasformare la propria passione in una professione, ma che si trova improvvisamente costretto ad affrontare una tragedia destinata a cambiare radicalmente la sua vita. Il calcio diventa cos\u00ec molto pi\u00f9 di una semplice ambientazione. \u00c8 il terreno sul quale Paolino impara a misurarsi con la fatica, le responsabilit\u00e0, le sconfitte e la necessit\u00e0 di continuare a credere nei propri obiettivi anche quando il percorso sembra interrompersi. Accanto a lui ci sono persone capaci di sostenerlo e accompagnarlo, dimostrando come la crescita di un ragazzo non sia mai soltanto un percorso individuale.<\/p>\n<p class=\"isSelectedEnd\" style=\"text-align: justify;\">Il romanzo nasce dall\u2019incontro tra due sguardi ed esperienze diverse, quelli degli autori, capaci di utilizzare lo sport per parlare di qualcosa di pi\u00f9 universale: il modo in cui una persona costruisce se stessa quando la vita la costringe a crescere, e quanto siano importanti le persone che decidono di restarle accanto.<\/p>\n<p style=\"text-align: justify;\">Su Radio Immagine, Antonio Barracato ci ha parlato della costruzione del personaggio di Paolino e del significato di raccontare, attraverso la storia di un giovane calciatore, la forza necessaria per continuare a inseguire i propri sogni:<\/p>\n<audio class=\"wp-audio-shortcode\" id=\"audio-437255-1\" preload=\"none\" style=\"width: 100%;\" controls=\"controls\"><source type=\"audio\/mpeg\" src=\"https:\/\/www.radioluna.it\/news\/wp-content\/uploads\/2026\/09\/antonio-barracato_compressed-online-audio-converter.com_.mp3?_=1\" \/><a href=\"https:\/\/www.radioluna.it\/news\/wp-content\/uploads\/2026\/09\/antonio-barracato_compressed-online-audio-converter.com_.mp3\">https:\/\/www.radioluna.it\/news\/wp-content\/uploads\/2026\/09\/antonio-barracato_compressed-online-audio-converter.com_.mp3<\/a><\/audio>\n<p>&nbsp;<\/p>\n<div id=\"radio-1014123641\" class=\"radio-dopo-il-contenuto radio-entity-placement\"><a data-no-instant=\"1\" href=\"https:\/\/concessionari-suzuki.it\/bodema\/\" rel=\"noopener\" class=\"a2t-link\" aria-label=\"Bodema 1200&#215;600 banner Suzuki_AX\"><img loading=\"lazy\" decoding=\"async\" src=\"https:\/\/www.radioluna.it\/news\/wp-content\/uploads\/2025\/05\/Bodema-1200x600-banner-Suzuki_AX.jpg\" alt=\"\"  srcset=\"https:\/\/www.radioluna.it\/news\/wp-content\/uploads\/2025\/05\/Bodema-1200x600-banner-Suzuki_AX.jpg 1200w, https:\/\/www.radioluna.it\/news\/wp-content\/uploads\/2025\/05\/Bodema-1200x600-banner-Suzuki_AX-768x384.jpg 768w\" sizes=\"(max-width: 1200px) 100vw, 1200px\" width=\"800\" height=\"300\"   \/><\/a><\/div>","protected":false},"excerpt":{"rendered":"<p>\u201cChi vive d\u2019amore\u201d di Massimo Proietto e Antonio Barracato \u00e8 un romanzo di formazione che mette al centro il percorso di un ragazzo e il difficile passaggio dall\u2019infanzia all\u2019et\u00e0 adulta. Il libro ricever\u00e0 una delle otto menzioni ExtraInvictus della settima edizione del Premio Letterario Sportivo Invictus, riconoscimento dedicato alle opere capaci di raccontare lo sport [&hellip;]<\/p>\n","protected":false},"author":5443,"featured_media":437257,"comment_status":"closed","ping_status":"open","sticky":false,"template":"","format":"standard","meta":{"footnotes":"","jetpack_publicize_message":"","jetpack_publicize_feature_enabled":true,"jetpack_social_post_already_shared":true,"jetpack_social_options":{"image_generator_settings":{"template":"highway","default_image_id":0,"font":"","enabled":false},"version":2}},"categories":[2310,2424],"tags":[],"class_list":["post-437255","post","type-post","status-publish","format-standard","has-post-thumbnail","hentry","category-audio","category-i-nostri-libri"],"jetpack_publicize_connections":[],"_links":{"self":[{"href":"https:\/\/www.radioluna.it\/news\/wp-json\/wp\/v2\/posts\/437255","targetHints":{"allow":["GET"]}}],"collection":[{"href":"https:\/\/www.radioluna.it\/news\/wp-json\/wp\/v2\/posts"}],"about":[{"href":"https:\/\/www.radioluna.it\/news\/wp-json\/wp\/v2\/types\/post"}],"author":[{"embeddable":true,"href":"https:\/\/www.radioluna.it\/news\/wp-json\/wp\/v2\/users\/5443"}],"replies":[{"embeddable":true,"href":"https:\/\/www.radioluna.it\/news\/wp-json\/wp\/v2\/comments?post=437255"}],"version-history":[{"count":1,"href":"https:\/\/www.radioluna.it\/news\/wp-json\/wp\/v2\/posts\/437255\/revisions"}],"predecessor-version":[{"id":437258,"href":"https:\/\/www.radioluna.it\/news\/wp-json\/wp\/v2\/posts\/437255\/revisions\/437258"}],"wp:featuredmedia":[{"embeddable":true,"href":"https:\/\/www.radioluna.it\/news\/wp-json\/wp\/v2\/media\/437257"}],"wp:attachment":[{"href":"https:\/\/www.radioluna.it\/news\/wp-json\/wp\/v2\/media?parent=437255"}],"wp:term":[{"taxonomy":"category","embeddable":true,"href":"https:\/\/www.radioluna.it\/news\/wp-json\/wp\/v2\/categories?post=437255"},{"taxonomy":"post_tag","embeddable":true,"href":"https:\/\/www.radioluna.it\/news\/wp-json\/wp\/v2\/tags?post=437255"}],"curies":[{"name":"wp","href":"https:\/\/api.w.org\/{rel}","templated":true}]}}