{"id":437265,"date":"2026-09-05T17:40:04","date_gmt":"2026-09-05T15:40:04","guid":{"rendered":"https:\/\/www.radioluna.it\/news\/?p=437265"},"modified":"2026-09-05T17:40:04","modified_gmt":"2026-09-05T15:40:04","slug":"latina-il-27-settembre-torna-la-fitwalking-for-ail-camminata-solidale-di-33-chilometri","status":"publish","type":"post","link":"https:\/\/www.radioluna.it\/news\/2026\/09\/latina-il-27-settembre-torna-la-fitwalking-for-ail-camminata-solidale-di-33-chilometri\/","title":{"rendered":"Latina, il 27 settembre torna la Fitwalking for AIL: camminata solidale di 3,3 chilometri"},"content":{"rendered":"<div id=\"fb-root\"><\/div>\n<p class=\"isSelectedEnd\" style=\"text-align: justify;\">Torna a Latina la <strong>Fitwalking for AIL<\/strong>, la camminata solidale non competitiva organizzata per sostenere i progetti dell\u2019AIL, Associazione Italiana contro le Leucemie-linfomi e mieloma, dedicati alla ricerca e all\u2019assistenza ai pazienti con tumori del sangue e alle loro famiglie.<\/p>\n<p class=\"isSelectedEnd\" style=\"text-align: justify;\">L\u2019appuntamento \u00e8 fissato per <strong>domenica 27 settembre<\/strong>, nell\u2019ambito delle iniziative legate alla Giornata Mondiale della Leucemia Mieloide Cronica. A Latina la partenza sar\u00e0 dalla sede di <strong>AIL Latina, in via Tanaro 27<\/strong>.<\/p>\n<p class=\"isSelectedEnd\" style=\"text-align: justify;\">Il programma prevede il ritrovo alle <strong>8.30<\/strong>, con una colazione offerta dalla sezione locale dell\u2019associazione. Alle <strong>10<\/strong> partir\u00e0 la camminata, che attraverser\u00e0 il centro della citt\u00e0 per un percorso complessivo di <strong>3,3 chilometri<\/strong>.<\/p>\n<p class=\"isSelectedEnd\" style=\"text-align: justify;\">La partecipazione \u00e8 aperta a tutti e non \u00e8 prevista alcuna competizione: l\u2019obiettivo \u00e8 unire attivit\u00e0 fisica, socialit\u00e0 e solidariet\u00e0, raccogliendo fondi per le attivit\u00e0 di ricerca e assistenza rivolte ai pazienti ematologici. \u00a0L\u2019iniziativa rientra inoltre nelle attivit\u00e0 di AIL Latina legate al progetto \u201cAmbiente e Salute\u201d, che punta a promuovere il benessere attraverso una maggiore attenzione al rapporto tra salute, ambiente e territorio.<\/p>\n<p style=\"text-align: justify;\">Durante la giornata i partecipanti potranno condividere foto e video dell\u2019esperienza sui canali social di AIL utilizzando l\u2019hashtag <strong>#versonuovitraguardi<\/strong>, per contribuire a dare visibilit\u00e0 alla campagna di solidariet\u00e0.<\/p>\n<div id=\"radio-2768598902\" class=\"radio-dopo-il-contenuto radio-entity-placement\"><a data-no-instant=\"1\" href=\"https:\/\/concessionari-suzuki.it\/bodema\/\" rel=\"noopener\" class=\"a2t-link\" aria-label=\"Bodema 1200&#215;600 banner Suzuki_AX\"><img loading=\"lazy\" decoding=\"async\" src=\"https:\/\/www.radioluna.it\/news\/wp-content\/uploads\/2025\/05\/Bodema-1200x600-banner-Suzuki_AX.jpg\" alt=\"\"  srcset=\"https:\/\/www.radioluna.it\/news\/wp-content\/uploads\/2025\/05\/Bodema-1200x600-banner-Suzuki_AX.jpg 1200w, https:\/\/www.radioluna.it\/news\/wp-content\/uploads\/2025\/05\/Bodema-1200x600-banner-Suzuki_AX-768x384.jpg 768w\" sizes=\"(max-width: 1200px) 100vw, 1200px\" width=\"800\" height=\"300\"   \/><\/a><\/div>","protected":false},"excerpt":{"rendered":"<p>Torna a Latina la Fitwalking for AIL, la camminata solidale non competitiva organizzata per sostenere i progetti dell\u2019AIL, Associazione Italiana contro le Leucemie-linfomi e mieloma, dedicati alla ricerca e all\u2019assistenza ai pazienti con tumori del sangue e alle loro famiglie. L\u2019appuntamento \u00e8 fissato per domenica 27 settembre, nell\u2019ambito delle iniziative legate alla Giornata Mondiale della [&hellip;]<\/p>\n","protected":false},"author":5443,"featured_media":386915,"comment_status":"closed","ping_status":"open","sticky":false,"template":"","format":"standard","meta":{"footnotes":"","jetpack_publicize_message":"","jetpack_publicize_feature_enabled":true,"jetpack_social_post_already_shared":true,"jetpack_social_options":{"image_generator_settings":{"template":"highway","default_image_id":0,"font":"","enabled":false},"version":2}},"categories":[16],"tags":[],"class_list":["post-437265","post","type-post","status-publish","format-standard","has-post-thumbnail","hentry","category-appuntamenti"],"jetpack_publicize_connections":[],"_links":{"self":[{"href":"https:\/\/www.radioluna.it\/news\/wp-json\/wp\/v2\/posts\/437265","targetHints":{"allow":["GET"]}}],"collection":[{"href":"https:\/\/www.radioluna.it\/news\/wp-json\/wp\/v2\/posts"}],"about":[{"href":"https:\/\/www.radioluna.it\/news\/wp-json\/wp\/v2\/types\/post"}],"author":[{"embeddable":true,"href":"https:\/\/www.radioluna.it\/news\/wp-json\/wp\/v2\/users\/5443"}],"replies":[{"embeddable":true,"href":"https:\/\/www.radioluna.it\/news\/wp-json\/wp\/v2\/comments?post=437265"}],"version-history":[{"count":1,"href":"https:\/\/www.radioluna.it\/news\/wp-json\/wp\/v2\/posts\/437265\/revisions"}],"predecessor-version":[{"id":437266,"href":"https:\/\/www.radioluna.it\/news\/wp-json\/wp\/v2\/posts\/437265\/revisions\/437266"}],"wp:featuredmedia":[{"embeddable":true,"href":"https:\/\/www.radioluna.it\/news\/wp-json\/wp\/v2\/media\/386915"}],"wp:attachment":[{"href":"https:\/\/www.radioluna.it\/news\/wp-json\/wp\/v2\/media?parent=437265"}],"wp:term":[{"taxonomy":"category","embeddable":true,"href":"https:\/\/www.radioluna.it\/news\/wp-json\/wp\/v2\/categories?post=437265"},{"taxonomy":"post_tag","embeddable":true,"href":"https:\/\/www.radioluna.it\/news\/wp-json\/wp\/v2\/tags?post=437265"}],"curies":[{"name":"wp","href":"https:\/\/api.w.org\/{rel}","templated":true}]}}