{"id":437280,"date":"2026-09-06T08:05:36","date_gmt":"2026-09-06T06:05:36","guid":{"rendered":"https:\/\/www.radioluna.it\/news\/?p=437280"},"modified":"2026-09-06T08:05:36","modified_gmt":"2026-09-06T06:05:36","slug":"un-convincente-latina-batte-2-0-il-forli-volpe-giusto-premio-alla-serieta-dei-ragazzi","status":"publish","type":"post","link":"https:\/\/www.radioluna.it\/news\/2026\/09\/un-convincente-latina-batte-2-0-il-forli-volpe-giusto-premio-alla-serieta-dei-ragazzi\/","title":{"rendered":"Un convincente Latina batte 2-0 il Forl\u00ec, Volpe: &#8220;Giusto premio alla seriet\u00e0 dei ragazzi&#8221;"},"content":{"rendered":"<div id=\"fb-root\"><\/div>\n<p><em>(foto Alessio Privato)<\/em><\/p>\n<p><strong>LATINA &#8211; <\/strong>Una rassicurante vittoria per il Latina, che sabato pomeriggio allo stadio Francioni\u00a0 ha battuto per 2-0 il Forl\u00ec con\u00a0 i goal di Marenco (10\u2019) e di Tomaselli (38&#8242;). Unanime il giudizio positivo sulla prestazione dei nerazzurri che hanno segnato nel primo tempo e poi difeso il risultato. Mister Volpe al termine della gara ha fatto i complimenti ai suoi, &#8220;volevamo la vittoria ce la siamo presa&#8221;, ma ha anche sottolineato che cosa \u00e8 mancato.<\/p>\n<p>&#8220;Sicuramente vincere d\u00e0 fiducia, d\u00e0 entusiasmo &#8211; ha commentato il tecnico nerazzurro &#8211; Faccio complimenti ai ragazzi perch\u00e9 hanno fatto una partita sotto il profilo della voglia, dell&#8217;atteggiamento, una partita giusta. La cosa che mi fa arrabbiare \u00e8 che possiamo fare cose migliori con la palla e anche senza. Perch\u00e9 noi non dobbiamo mai accontentarci del risultato, ma bisogna sempre pretendere il massimo dal nostro valore. Ripartiamo da una vittoria che era importantissima, perch\u00e9 la volevamo, la cercavamo tutti. L&#8217;abbiamo fatto nel modo giusto. Oggi era importante vincere e l&#8217;abbiamo fatto in maniera convincente. Poi sicuramente queste partite vanno chiuse, perch\u00e9 abbiamo avuto tantissime occasioni per farlo e non l&#8217;abbiamo fatto. A volte un episodio o una palla messa su pu\u00f2 compromettere un risultato, una prestazione che ci avrebbe tolto qualcosa. Sicuramente l&#8217;espulsione ci ha agevolato, ma nulla toglie a quello che poi hanno prodotto i ragazzi. E&#8217; un premio soprattutto per la loro seriet\u00e0, per la loro abnegazione durante la settimana&#8221;.<\/p>\n<p>IL TABELLINO &#8211;\u00a0Latina Calcio 1932 2 &#8211; 0 Forl\u00ec<\/p>\n<p>Latina: Mastrantonio, Ercolano, Porro (77\u2019 Calabrese), De Cristofaro, Baez (85&#8242; Di Giovannantonio), Marenco, D&#8217;Angelo (60\u2019 De Ciancio), Plescia (60\u2019 Cioffi), Carillo, Lipani, Tomaselli (60\u2019 Keita). A disp: Basti, Giora, Bruscagin, Castorri, Sylla, Riccardi, Sussi, De Marchi. Allenatore: Gennaro Volpe.<\/p>\n<p>Forl\u00ec: Theiner, De Risio (66\u2019 Rosetti), Petrelli (73\u2019 Tordiglione), Coveri (45\u2019 Gabellini), Macri, Farinelli, Mattioli (85&#8242; Perini), Scaccabarozzi (73\u2019 Perretta) Palomba, Onofri, Munaretti. A disp: Tagliaferri, Veliaj, Mandrelli, Valentini Fi, Gaiola, Valentini Fe, Attasi, Diop. Allenatore: Nicola Campedelli.<\/p>\n<p>Arbitro: Mattia Maresca di Napoli.<\/p>\n<p>Assistenti: Matteo Bertelli di Prato e Vito Mattia Losapio di Siena.<\/p>\n<p>IV Uomo: Alessandro Silvestri di Roma 1.<\/p>\n<p>Operatore FVS: Giuseppe Scarpati di Formia.<\/p>\n<p>Marcatori: 10\u2019 Marenco (L), 38\u2019 Tomaselli (L)<\/p>\n<p>Ammoniti: 53\u2019 D\u2019Angelo (L), 63\u2019 De Risio (F), 76\u2019 Carillo (L), 82\u2019 De Ciancio (L)<\/p>\n<p>Espulsi: 31\u2019 Palomba (F)<\/p>\n<p>Angoli: Latina 6 &#8211; 5 Forl\u00ec<\/p>\n<p>Recuperi: 4\u2019 pt \/ 5&#8242; st<\/p>\n<p>Note: spettatori totali 1219 di cui 768 abbonati e 9 ospiti<\/p>\n<p>&nbsp;<\/p>\n<p><iframe loading=\"lazy\" title=\"Mister Volpe post Latina-Forl\u00ec \" width=\"740\" height=\"416\" src=\"https:\/\/www.youtube.com\/embed\/QLtyWbZ0FZk?feature=oembed\" frameborder=\"0\" allow=\"accelerometer; autoplay; clipboard-write; encrypted-media; gyroscope; picture-in-picture; web-share\" referrerpolicy=\"strict-origin-when-cross-origin\" allowfullscreen><\/iframe><\/p>\n<div id=\"radio-2693267608\" class=\"radio-dopo-il-contenuto radio-entity-placement\"><a data-no-instant=\"1\" href=\"https:\/\/concessionari-suzuki.it\/bodema\/\" rel=\"noopener\" class=\"a2t-link\" aria-label=\"Bodema 1200&#215;600 banner Suzuki_AX\"><img loading=\"lazy\" decoding=\"async\" src=\"https:\/\/www.radioluna.it\/news\/wp-content\/uploads\/2025\/05\/Bodema-1200x600-banner-Suzuki_AX.jpg\" alt=\"\"  srcset=\"https:\/\/www.radioluna.it\/news\/wp-content\/uploads\/2025\/05\/Bodema-1200x600-banner-Suzuki_AX.jpg 1200w, https:\/\/www.radioluna.it\/news\/wp-content\/uploads\/2025\/05\/Bodema-1200x600-banner-Suzuki_AX-768x384.jpg 768w\" sizes=\"(max-width: 1200px) 100vw, 1200px\" width=\"800\" height=\"300\"   \/><\/a><\/div>","protected":false},"excerpt":{"rendered":"<p>(foto Alessio Privato) LATINA &#8211; Una rassicurante vittoria per il Latina, che sabato pomeriggio allo stadio Francioni\u00a0 ha battuto per 2-0 il Forl\u00ec con\u00a0 i goal di Marenco (10\u2019) e di Tomaselli (38&#8242;). Unanime il giudizio positivo sulla prestazione dei nerazzurri che hanno segnato nel primo tempo e poi difeso il risultato. Mister Volpe al [&hellip;]<\/p>\n","protected":false},"author":62,"featured_media":437281,"comment_status":"closed","ping_status":"open","sticky":false,"template":"","format":"standard","meta":{"footnotes":"","jetpack_publicize_message":"","jetpack_publicize_feature_enabled":true,"jetpack_social_post_already_shared":true,"jetpack_social_options":{"image_generator_settings":{"template":"highway","default_image_id":0,"font":"","enabled":false},"version":2}},"categories":[2310,17],"tags":[],"class_list":["post-437280","post","type-post","status-publish","format-standard","has-post-thumbnail","hentry","category-audio","category-sport"],"jetpack_publicize_connections":[],"_links":{"self":[{"href":"https:\/\/www.radioluna.it\/news\/wp-json\/wp\/v2\/posts\/437280","targetHints":{"allow":["GET"]}}],"collection":[{"href":"https:\/\/www.radioluna.it\/news\/wp-json\/wp\/v2\/posts"}],"about":[{"href":"https:\/\/www.radioluna.it\/news\/wp-json\/wp\/v2\/types\/post"}],"author":[{"embeddable":true,"href":"https:\/\/www.radioluna.it\/news\/wp-json\/wp\/v2\/users\/62"}],"replies":[{"embeddable":true,"href":"https:\/\/www.radioluna.it\/news\/wp-json\/wp\/v2\/comments?post=437280"}],"version-history":[{"count":1,"href":"https:\/\/www.radioluna.it\/news\/wp-json\/wp\/v2\/posts\/437280\/revisions"}],"predecessor-version":[{"id":437282,"href":"https:\/\/www.radioluna.it\/news\/wp-json\/wp\/v2\/posts\/437280\/revisions\/437282"}],"wp:featuredmedia":[{"embeddable":true,"href":"https:\/\/www.radioluna.it\/news\/wp-json\/wp\/v2\/media\/437281"}],"wp:attachment":[{"href":"https:\/\/www.radioluna.it\/news\/wp-json\/wp\/v2\/media?parent=437280"}],"wp:term":[{"taxonomy":"category","embeddable":true,"href":"https:\/\/www.radioluna.it\/news\/wp-json\/wp\/v2\/categories?post=437280"},{"taxonomy":"post_tag","embeddable":true,"href":"https:\/\/www.radioluna.it\/news\/wp-json\/wp\/v2\/tags?post=437280"}],"curies":[{"name":"wp","href":"https:\/\/api.w.org\/{rel}","templated":true}]}}