{"id":437292,"date":"2026-09-06T10:20:24","date_gmt":"2026-09-06T08:20:24","guid":{"rendered":"https:\/\/www.radioluna.it\/news\/?p=437292"},"modified":"2026-09-06T10:20:24","modified_gmt":"2026-09-06T08:20:24","slug":"incendio-redentore-lo-sconforto-dei-gestori-del-rifugio-pornito-turisti-terrorizzati-animali-che-scappano-se-questo-e-turismo","status":"publish","type":"post","link":"https:\/\/www.radioluna.it\/news\/2026\/09\/incendio-redentore-lo-sconforto-dei-gestori-del-rifugio-pornito-turisti-terrorizzati-animali-che-scappano-se-questo-e-turismo\/","title":{"rendered":"Incendio Redentore, lo sconforto dei gestori del rifugio Pornito: &#8220;Turisti terrorizzati, animali che scappano, se questo \u00e8 turismo&#8221;"},"content":{"rendered":"<div id=\"fb-root\"><\/div>\n<p style=\"text-align: justify;\">FORMIA &#8211; Il giorno dopo l\u2019incendio che ha colpito uno dei percorsi pi\u00f9 importanti del Parco dei Monti Aurunci, distruggendo la vegetazione e alcune strutture di protezione e di servizio agli escursionisti, \u00e8 il rifugio Pornito da cui si diparte il sentiero che porta all&#8217;eremo di San Michele Arcangelo e alla cima del Monte Redentore a Formia, l\u2019unico rifugio esistente che d\u00e0 servizio tutto l\u2019anno agli escursionisti e ha chi voglia godere dall\u2019alto il panorama del Golfo di Gaeta, a pubblicare le immagini del rogo che sabato ha tenuto impegnati mezzi aerei dei vigili del fuoco e diverse squadre di protezione civile.<\/p>\n<p style=\"text-align: justify;\">In un post, si legge tutto il sentimento di profondo sconforto per quanto vissuto ieri, non certo per la prima volta in un&#8217;area che tutti dovrebbero fare a gara per proteggere. \u201cI turisti terrorizzati e bloccati presso il nostro Rifugio, gli animali che scappano, il caldo micidiale, stress, ansia. Il turismo, noi lo facciamo cosi\u201d, scrivono sui social accompagnando le parole con delle immagini eloquenti dei momenti dell&#8217;incendio.<\/p>\n<p style=\"text-align: justify;\">Punta il dito sulle concessioni per il pascolo, l\u2019ex sindaca di Formia Paola Villa: &#8220;L&#8217;unica cosa da fare \u00e8 bloccare tutte le fida pascolo per 10 anni, eseguendo la legge quadro n. 353 del 2000, su tutte le nostre montagne, questa \u00e8 l&#8217;unica soluzione perch\u00e9 \u00e8 chiaro che tutti gli incendi sono dolosi, tutti, tutti e che servono solo a fare business. Sospendiamo sul serio tutte le fida pascolo altrimenti ogni anno sar\u00e0 sempre peggio&#8221;, dice Villa.<\/p>\n<p style=\"text-align: justify;\">E a Latina, circondata da Lepini martoriati dai devastanti incendi dolosi appiccati sempre di sera nel corso di questa torrida estate, quando i mezzi aerei devono attendere il giorno dopo per intervenire, si indaga anche sui roghi che venerd\u00ec hanno tenuto in scacco Latina, fatto molti danni e\u00a0 richiesto uno sforzo di uomini e mezzi con pochi precedenti. Sono elevatissimi \u00a0i costi economici, sociali e ambientali. I carabinieri sono al lavoro per capire se sia sia trattato di azioni dolose.<\/p>\n<div id=\"radio-3123177451\" class=\"radio-dopo-il-contenuto radio-entity-placement\"><a data-no-instant=\"1\" href=\"https:\/\/concessionari-suzuki.it\/bodema\/\" rel=\"noopener\" class=\"a2t-link\" aria-label=\"Bodema 1200&#215;600 banner Suzuki_AX\"><img loading=\"lazy\" decoding=\"async\" src=\"https:\/\/www.radioluna.it\/news\/wp-content\/uploads\/2025\/05\/Bodema-1200x600-banner-Suzuki_AX.jpg\" alt=\"\"  srcset=\"https:\/\/www.radioluna.it\/news\/wp-content\/uploads\/2025\/05\/Bodema-1200x600-banner-Suzuki_AX.jpg 1200w, https:\/\/www.radioluna.it\/news\/wp-content\/uploads\/2025\/05\/Bodema-1200x600-banner-Suzuki_AX-768x384.jpg 768w\" sizes=\"(max-width: 1200px) 100vw, 1200px\" width=\"800\" height=\"300\"   \/><\/a><\/div>","protected":false},"excerpt":{"rendered":"<p>FORMIA &#8211; Il giorno dopo l\u2019incendio che ha colpito uno dei percorsi pi\u00f9 importanti del Parco dei Monti Aurunci, distruggendo la vegetazione e alcune strutture di protezione e di servizio agli escursionisti, \u00e8 il rifugio Pornito da cui si diparte il sentiero che porta all&#8217;eremo di San Michele Arcangelo e alla cima del Monte Redentore [&hellip;]<\/p>\n","protected":false},"author":62,"featured_media":437293,"comment_status":"closed","ping_status":"open","sticky":false,"template":"","format":"standard","meta":{"footnotes":"","jetpack_publicize_message":"","jetpack_publicize_feature_enabled":true,"jetpack_social_post_already_shared":true,"jetpack_social_options":{"image_generator_settings":{"template":"highway","default_image_id":0,"font":"","enabled":false},"version":2}},"categories":[7,2256,2428],"tags":[5738],"class_list":["post-437292","post","type-post","status-publish","format-standard","has-post-thumbnail","hentry","category-cronaca","category-prima-pagina","category-primo-piano","tag-in-primo-piano"],"jetpack_publicize_connections":[],"_links":{"self":[{"href":"https:\/\/www.radioluna.it\/news\/wp-json\/wp\/v2\/posts\/437292","targetHints":{"allow":["GET"]}}],"collection":[{"href":"https:\/\/www.radioluna.it\/news\/wp-json\/wp\/v2\/posts"}],"about":[{"href":"https:\/\/www.radioluna.it\/news\/wp-json\/wp\/v2\/types\/post"}],"author":[{"embeddable":true,"href":"https:\/\/www.radioluna.it\/news\/wp-json\/wp\/v2\/users\/62"}],"replies":[{"embeddable":true,"href":"https:\/\/www.radioluna.it\/news\/wp-json\/wp\/v2\/comments?post=437292"}],"version-history":[{"count":1,"href":"https:\/\/www.radioluna.it\/news\/wp-json\/wp\/v2\/posts\/437292\/revisions"}],"predecessor-version":[{"id":437295,"href":"https:\/\/www.radioluna.it\/news\/wp-json\/wp\/v2\/posts\/437292\/revisions\/437295"}],"wp:featuredmedia":[{"embeddable":true,"href":"https:\/\/www.radioluna.it\/news\/wp-json\/wp\/v2\/media\/437293"}],"wp:attachment":[{"href":"https:\/\/www.radioluna.it\/news\/wp-json\/wp\/v2\/media?parent=437292"}],"wp:term":[{"taxonomy":"category","embeddable":true,"href":"https:\/\/www.radioluna.it\/news\/wp-json\/wp\/v2\/categories?post=437292"},{"taxonomy":"post_tag","embeddable":true,"href":"https:\/\/www.radioluna.it\/news\/wp-json\/wp\/v2\/tags?post=437292"}],"curies":[{"name":"wp","href":"https:\/\/api.w.org\/{rel}","templated":true}]}}